{"id":8546,"date":"2026-03-30T09:26:27","date_gmt":"2026-03-30T09:26:27","guid":{"rendered":"https:\/\/gallery-puzic.com\/?p=8546"},"modified":"2026-03-30T09:33:53","modified_gmt":"2026-03-30T09:33:53","slug":"prozesse-des-werdens-2","status":"publish","type":"post","link":"https:\/\/gallery-puzic.com\/en\/uncategorized\/prozesse-des-werdens-2\/","title":{"rendered":"Prozesse des Werdens"},"content":{"rendered":"<div data-elementor-type=\"wp-post\" data-elementor-id=\"8546\" class=\"elementor elementor-8546\">\n\t\t\t\t\t\t<section class=\"elementor-section elementor-top-section elementor-element elementor-element-e35df2a elementor-section-boxed elementor-section-height-default elementor-section-height-default\" data-id=\"e35df2a\" data-element_type=\"section\" data-e-type=\"section\">\n\t\t\t\t\t\t<div class=\"elementor-container elementor-column-gap-default\">\n\t\t\t\t\t<div class=\"elementor-column elementor-col-100 elementor-top-column elementor-element elementor-element-2df86a8\" data-id=\"2df86a8\" data-element_type=\"column\" data-e-type=\"column\">\n\t\t\t<div class=\"elementor-widget-wrap elementor-element-populated\">\n\t\t\t\t\t\t<div class=\"elementor-element elementor-element-fa543a7 elementor-widget-divider--view-line elementor-widget elementor-widget-divider\" data-id=\"fa543a7\" data-element_type=\"widget\" data-e-type=\"widget\" data-widget_type=\"divider.default\">\n\t\t\t\t<div class=\"elementor-widget-container\">\n\t\t\t\t\t\t\t<div class=\"elementor-divider\">\n\t\t\t<span class=\"elementor-divider-separator\">\n\t\t\t\t\t\t<\/span>\n\t\t<\/div>\n\t\t\t\t\t\t<\/div>\n\t\t\t\t<\/div>\n\t\t\t\t\t<\/div>\n\t\t<\/div>\n\t\t\t\t\t<\/div>\n\t\t<\/section>\n\t\t\t\t<section class=\"elementor-section elementor-top-section elementor-element elementor-element-19d59b0 elementor-section-boxed elementor-section-height-default elementor-section-height-default\" data-id=\"19d59b0\" data-element_type=\"section\" data-e-type=\"section\">\n\t\t\t\t\t\t<div class=\"elementor-container elementor-column-gap-default\">\n\t\t\t\t\t<div class=\"elementor-column elementor-col-100 elementor-top-column elementor-element elementor-element-1af892f\" data-id=\"1af892f\" data-element_type=\"column\" data-e-type=\"column\">\n\t\t\t<div class=\"elementor-widget-wrap elementor-element-populated\">\n\t\t\t\t\t\t<div class=\"elementor-element elementor-element-16bd1e6 elementor-widget elementor-widget-heading\" data-id=\"16bd1e6\" data-element_type=\"widget\" data-e-type=\"widget\" data-widget_type=\"heading.default\">\n\t\t\t\t<div class=\"elementor-widget-container\">\n\t\t\t\t\t<h2 class=\"elementor-heading-title elementor-size-default\">\u00ab Prozesse des Werdens  - Die Neuschaffung des Gesehenen \u00bb\n\n\n\n\n<\/h2>\t\t\t\t<\/div>\n\t\t\t\t<\/div>\n\t\t\t\t\t<\/div>\n\t\t<\/div>\n\t\t\t\t\t<\/div>\n\t\t<\/section>\n\t\t\t\t<section class=\"elementor-section elementor-top-section elementor-element elementor-element-f5da37a elementor-section-boxed elementor-section-height-default elementor-section-height-default\" data-id=\"f5da37a\" data-element_type=\"section\" data-e-type=\"section\">\n\t\t\t\t\t\t<div class=\"elementor-container elementor-column-gap-default\">\n\t\t\t\t\t<div class=\"elementor-column elementor-col-100 elementor-top-column elementor-element elementor-element-351bd72\" data-id=\"351bd72\" data-element_type=\"column\" data-e-type=\"column\">\n\t\t\t<div class=\"elementor-widget-wrap elementor-element-populated\">\n\t\t\t\t\t\t<div class=\"elementor-element elementor-element-ab4953c elementor-widget elementor-widget-text-editor\" data-id=\"ab4953c\" data-element_type=\"widget\" data-e-type=\"widget\" data-widget_type=\"text-editor.default\">\n\t\t\t\t<div class=\"elementor-widget-container\">\n\t\t\t\t\t\t\t\t\t<h5 style=\"text-align: center;\"><span style=\"color: #993366;\"><strong>Malerei: J\u00f6rg Mathias Munz &amp; Objekte: Michael Ott<\/strong><\/span><\/h5>\t\t\t\t\t\t\t\t<\/div>\n\t\t\t\t<\/div>\n\t\t\t\t\t<\/div>\n\t\t<\/div>\n\t\t\t\t\t<\/div>\n\t\t<\/section>\n\t\t\t\t<section class=\"elementor-section elementor-top-section elementor-element elementor-element-905993e elementor-section-boxed elementor-section-height-default elementor-section-height-default\" data-id=\"905993e\" data-element_type=\"section\" data-e-type=\"section\">\n\t\t\t\t\t\t<div class=\"elementor-container elementor-column-gap-default\">\n\t\t\t\t\t<div class=\"elementor-column elementor-col-50 elementor-top-column elementor-element elementor-element-25fc662\" data-id=\"25fc662\" data-element_type=\"column\" data-e-type=\"column\">\n\t\t\t<div class=\"elementor-widget-wrap elementor-element-populated\">\n\t\t\t\t\t\t<div class=\"elementor-element elementor-element-e9aac9f elementor-widget elementor-widget-image\" data-id=\"e9aac9f\" data-element_type=\"widget\" data-e-type=\"widget\" data-widget_type=\"image.default\">\n\t\t\t\t<div class=\"elementor-widget-container\">\n\t\t\t\t\t\t\t\t\t\t\t\t\t\t\t<img fetchpriority=\"high\" decoding=\"async\" width=\"300\" height=\"221\" src=\"https:\/\/gallery-puzic.com\/wp-content\/uploads\/2026\/03\/K28-O.T.-Oel-auf-Leinwand-110x150cm-2025-quer-300x221.png\" class=\"attachment-medium size-medium wp-image-8541\" alt=\"\" srcset=\"https:\/\/gallery-puzic.com\/wp-content\/uploads\/2026\/03\/K28-O.T.-Oel-auf-Leinwand-110x150cm-2025-quer-300x221.png 300w, https:\/\/gallery-puzic.com\/wp-content\/uploads\/2026\/03\/K28-O.T.-Oel-auf-Leinwand-110x150cm-2025-quer-1024x753.png 1024w, https:\/\/gallery-puzic.com\/wp-content\/uploads\/2026\/03\/K28-O.T.-Oel-auf-Leinwand-110x150cm-2025-quer-768x565.png 768w, https:\/\/gallery-puzic.com\/wp-content\/uploads\/2026\/03\/K28-O.T.-Oel-auf-Leinwand-110x150cm-2025-quer-16x12.png 16w, https:\/\/gallery-puzic.com\/wp-content\/uploads\/2026\/03\/K28-O.T.-Oel-auf-Leinwand-110x150cm-2025-quer.png 1359w\" sizes=\"(max-width: 300px) 100vw, 300px\" \/>\t\t\t\t\t\t\t\t\t\t\t\t\t\t\t<\/div>\n\t\t\t\t<\/div>\n\t\t\t\t\t<\/div>\n\t\t<\/div>\n\t\t\t\t<div class=\"elementor-column elementor-col-50 elementor-top-column elementor-element elementor-element-a0e9996\" data-id=\"a0e9996\" data-element_type=\"column\" data-e-type=\"column\">\n\t\t\t<div class=\"elementor-widget-wrap elementor-element-populated\">\n\t\t\t\t\t\t<div class=\"elementor-element elementor-element-1480832 elementor-widget elementor-widget-image\" data-id=\"1480832\" data-element_type=\"widget\" data-e-type=\"widget\" data-widget_type=\"image.default\">\n\t\t\t\t<div class=\"elementor-widget-container\">\n\t\t\t\t\t\t\t\t\t\t\t\t\t\t\t<img decoding=\"async\" width=\"131\" height=\"300\" src=\"https:\/\/gallery-puzic.com\/wp-content\/uploads\/2026\/03\/1-Fluechtlingsfamilie-131x300.jpg\" class=\"attachment-medium size-medium wp-image-8542\" alt=\"\" srcset=\"https:\/\/gallery-puzic.com\/wp-content\/uploads\/2026\/03\/1-Fluechtlingsfamilie-131x300.jpg 131w, https:\/\/gallery-puzic.com\/wp-content\/uploads\/2026\/03\/1-Fluechtlingsfamilie-447x1024.jpg 447w, https:\/\/gallery-puzic.com\/wp-content\/uploads\/2026\/03\/1-Fluechtlingsfamilie-670x1536.jpg 670w, https:\/\/gallery-puzic.com\/wp-content\/uploads\/2026\/03\/1-Fluechtlingsfamilie-5x12.jpg 5w, https:\/\/gallery-puzic.com\/wp-content\/uploads\/2026\/03\/1-Fluechtlingsfamilie.jpg 698w\" sizes=\"(max-width: 131px) 100vw, 131px\" \/>\t\t\t\t\t\t\t\t\t\t\t\t\t\t\t<\/div>\n\t\t\t\t<\/div>\n\t\t\t\t\t<\/div>\n\t\t<\/div>\n\t\t\t\t\t<\/div>\n\t\t<\/section>\n\t\t\t\t<section class=\"elementor-section elementor-top-section elementor-element elementor-element-0cbab1b elementor-section-boxed elementor-section-height-default elementor-section-height-default\" data-id=\"0cbab1b\" data-element_type=\"section\" data-e-type=\"section\">\n\t\t\t\t\t\t<div class=\"elementor-container elementor-column-gap-default\">\n\t\t\t\t\t<div class=\"elementor-column elementor-col-100 elementor-top-column elementor-element elementor-element-4ae1eb7\" data-id=\"4ae1eb7\" data-element_type=\"column\" data-e-type=\"column\">\n\t\t\t<div class=\"elementor-widget-wrap elementor-element-populated\">\n\t\t\t\t\t\t<div class=\"elementor-element elementor-element-435ab55 elementor-widget elementor-widget-text-editor\" data-id=\"435ab55\" data-element_type=\"widget\" data-e-type=\"widget\" data-widget_type=\"text-editor.default\">\n\t\t\t\t<div class=\"elementor-widget-container\">\n\t\t\t\t\t\t\t\t\t<p style=\"text-align: center;\"><strong>Vernissage: Dienstag, 31. M\u00e4rz, 18:00 \u2013 21:00 Uhr<\/strong><\/p><p style=\"text-align: center;\">Johannisstrasse 3A, 66111 Saarbr\u00fccken \/\/ Dauer der Ausstellung: 31.03. \u2013 09.05.2026<\/p><p style=\"text-align: center;\">Kurator: Esad Puzic\u0301 \u00a0\/\/ Einf\u00fchrung: Dr Johannes Birringer<\/p>\t\t\t\t\t\t\t\t<\/div>\n\t\t\t\t<\/div>\n\t\t\t\t\t<\/div>\n\t\t<\/div>\n\t\t\t\t\t<\/div>\n\t\t<\/section>\n\t\t\t\t<section class=\"elementor-section elementor-top-section elementor-element elementor-element-cc16b65 elementor-section-boxed elementor-section-height-default elementor-section-height-default\" data-id=\"cc16b65\" data-element_type=\"section\" data-e-type=\"section\">\n\t\t\t\t\t\t<div class=\"elementor-container elementor-column-gap-default\">\n\t\t\t\t\t<div class=\"elementor-column elementor-col-100 elementor-top-column elementor-element elementor-element-bbe35b2\" data-id=\"bbe35b2\" data-element_type=\"column\" data-e-type=\"column\">\n\t\t\t<div class=\"elementor-widget-wrap elementor-element-populated\">\n\t\t\t\t\t\t<div class=\"elementor-element elementor-element-ab8e32b elementor-widget-divider--view-line elementor-widget elementor-widget-divider\" data-id=\"ab8e32b\" data-element_type=\"widget\" data-e-type=\"widget\" data-widget_type=\"divider.default\">\n\t\t\t\t<div class=\"elementor-widget-container\">\n\t\t\t\t\t\t\t<div class=\"elementor-divider\">\n\t\t\t<span class=\"elementor-divider-separator\">\n\t\t\t\t\t\t<\/span>\n\t\t<\/div>\n\t\t\t\t\t\t<\/div>\n\t\t\t\t<\/div>\n\t\t\t\t\t<\/div>\n\t\t<\/div>\n\t\t\t\t\t<\/div>\n\t\t<\/section>\n\t\t\t\t<section class=\"elementor-section elementor-top-section elementor-element elementor-element-4ca81d6 elementor-section-boxed elementor-section-height-default elementor-section-height-default\" data-id=\"4ca81d6\" data-element_type=\"section\" data-e-type=\"section\">\n\t\t\t\t\t\t<div class=\"elementor-container elementor-column-gap-default\">\n\t\t\t\t\t<div class=\"elementor-column elementor-col-100 elementor-top-column elementor-element elementor-element-a20bfcb\" data-id=\"a20bfcb\" data-element_type=\"column\" data-e-type=\"column\">\n\t\t\t<div class=\"elementor-widget-wrap elementor-element-populated\">\n\t\t\t\t\t\t<div class=\"elementor-element elementor-element-233df33 elementor-widget elementor-widget-text-editor\" data-id=\"233df33\" data-element_type=\"widget\" data-e-type=\"widget\" data-widget_type=\"text-editor.default\">\n\t\t\t\t<div class=\"elementor-widget-container\">\n\t\t\t\t\t\t\t\t\t<p style=\"text-align: center;\">Die Gallery Puzic\u0301 freut sich, dem bekannten saarl\u00e4ndischen K\u00fcnstler <strong>J\u00f6rg Mathias Munz<\/strong> ein Forum zu geben f\u00fcr eine kuratierte Auswahl seiner farbintensiven, leuchtenden Landschaften \u2013 Werke entstanden \u00fcber einen Zeitraum der letzten acht Jahre.<\/p><p style=\"text-align: center;\">\u00a0<\/p><p style=\"text-align: center;\">\u201c<em>Prozesse des Werdens &#8211; Die Neuschaffung des Gesehenen<\/em>\u201d ist eine Show, die die Besucher ansprechen und \u00fcberraschen wird in den gezeigten Spannungsfeldern zwischen<\/p><p style=\"text-align: center;\">Realismus, Abstraktion und autonomer Malerei, wie auch zwischen experimenteller, oft ganz zuf\u00e4llig entstehender Fotografie, und den vom K\u00fcnstler mit \u00d6lfarbe \u00fcbermalten Fotos, die in einem Umformungsprozess diese Fotos weiterverarbeiten und ver\u00e4ndern.<\/p><p style=\"text-align: center;\">\u00a0<\/p><p style=\"text-align: center;\">Zentrales Thema in den Werken ist die Natur, aber eben nicht (nur) als Ursprung oder romantische Aura begriffen, sondern als ein im stetigen Wandel sich bewegendes Gef\u00fcge, wie auch unersch\u00f6pfliche Inspirationsquelle von Formen, Farben und Lichtverh\u00e4ltnissen, die neu zu entdecken sind. Munz geht es nicht um das Abbilden von Landschaft. Natur erschlie\u00dft sich in unserer \u201edurchzivilisierten Gesellschaft\u201c nicht nur im Panoramablick \u00fcber Wiesen und W\u00e4lder, sondern im Erfassen dessen was sie im Innersten zusammenh\u00e4lt: ihren Strukturen, deren Teil \u2013 und nicht nur deren Beobachter \u2013 wir selbst sind.<\/p><p style=\"text-align: center;\">\u00a0<\/p><p style=\"text-align: center;\">Der K\u00fcnstler nimmt reale, gezeichnete oder fotografierte Landschaftsausschnitte zum Anlass der Arbeit; das fertige Bild aber ist letztendlich eine Neuschaffung des Gesehenen. Diese \u201eentrealisierte Malerei\u201c er\u00f6ffnet neue Interpretationsm\u00f6glichkeiten des Sehens und Erkennens und l\u00e4sst dem Betrachter viel Freiheit f\u00fcr eigene Assoziationen.<\/p><p style=\"text-align: center;\">\u00a0<\/p><p style=\"text-align: center;\">Begleitend zur Ausstellung erscheint ein Katalog mit dem Titel <em>\u201eProzesse des Werdens \u2013 Die Neuschaffung des Gesehenen. Werke 2018\u20132025\u201c.<\/em><\/p><p style=\"text-align: center;\">\u00a0<\/p><p style=\"text-align: center;\">In derselben Ausstellung zeigen wir die eigenwilligen, formvollendeten Holz-Skulpturen des Saarbr\u00fccker Bildhauers <strong>Michael Ott<\/strong> \u2013 seine fein-elaborierten Gef\u00e4sse und Giacometti-haften Stelen wirken gleichzeitig stark und zerbrechlich, im Sinne einer der Natur abgelauschten Sensibilit\u00e4t der faserhaften Leuchtkraft des lebendigen Holzes, die der \u201cWoodturner\u201d und K\u00fcnstler aus den B\u00e4umen, seinem Material, gedrechselt und gewonnen, dann oft auch geflammt oder mit Stein und Glass verbunden hat. In der Werkgruppe <em>Hinter der Litfa\u00dfs\u00e4ule, <\/em>zum Beispiel, steht die Behandlung mit dem Feuer f\u00fcr den Klimawandel, und die Anordnung der Skulptur f\u00fcr die Menschen auf der Klimaflucht.\u00a0<\/p>\t\t\t\t\t\t\t\t<\/div>\n\t\t\t\t<\/div>\n\t\t\t\t\t<\/div>\n\t\t<\/div>\n\t\t\t\t\t<\/div>\n\t\t<\/section>\n\t\t\t\t<\/div>","protected":false},"excerpt":{"rendered":"<p>\u00ab Prozesse des Werdens &#8211; Die Neuschaffung des Gesehenen \u00bb Malerei: J\u00f6rg Mathias Munz &amp; Objekte: Michael Ott Vernissage: Dienstag, 31. M\u00e4rz, 18:00 \u2013 21:00 Uhr Johannisstrasse 3A, 66111 Saarbr\u00fccken \/\/ Dauer der Ausstellung: 31.03. \u2013 09.05.2026 Kurator: Esad Puzic\u0301 \u00a0\/\/ Einf\u00fchrung: Dr Johannes Birringer Die Gallery Puzic\u0301 freut sich, dem bekannten saarl\u00e4ndischen K\u00fcnstler J\u00f6rg [&hellip;]<\/p>\n","protected":false},"author":2,"featured_media":0,"comment_status":"closed","ping_status":"closed","sticky":false,"template":"","format":"standard","meta":{"footnotes":""},"categories":[1],"tags":[],"class_list":["post-8546","post","type-post","status-publish","format-standard","hentry","category-uncategorized"],"_links":{"self":[{"href":"https:\/\/gallery-puzic.com\/en\/wp-json\/wp\/v2\/posts\/8546","targetHints":{"allow":["GET"]}}],"collection":[{"href":"https:\/\/gallery-puzic.com\/en\/wp-json\/wp\/v2\/posts"}],"about":[{"href":"https:\/\/gallery-puzic.com\/en\/wp-json\/wp\/v2\/types\/post"}],"author":[{"embeddable":true,"href":"https:\/\/gallery-puzic.com\/en\/wp-json\/wp\/v2\/users\/2"}],"replies":[{"embeddable":true,"href":"https:\/\/gallery-puzic.com\/en\/wp-json\/wp\/v2\/comments?post=8546"}],"version-history":[{"count":5,"href":"https:\/\/gallery-puzic.com\/en\/wp-json\/wp\/v2\/posts\/8546\/revisions"}],"predecessor-version":[{"id":8551,"href":"https:\/\/gallery-puzic.com\/en\/wp-json\/wp\/v2\/posts\/8546\/revisions\/8551"}],"wp:attachment":[{"href":"https:\/\/gallery-puzic.com\/en\/wp-json\/wp\/v2\/media?parent=8546"}],"wp:term":[{"taxonomy":"category","embeddable":true,"href":"https:\/\/gallery-puzic.com\/en\/wp-json\/wp\/v2\/categories?post=8546"},{"taxonomy":"post_tag","embeddable":true,"href":"https:\/\/gallery-puzic.com\/en\/wp-json\/wp\/v2\/tags?post=8546"}],"curies":[{"name":"wp","href":"https:\/\/api.w.org\/{rel}","templated":true}]}}